{"id":3987,"date":"2023-02-17T13:13:21","date_gmt":"2023-02-17T12:13:21","guid":{"rendered":"http:\/\/robinfo.oma.be\/?p=3987"},"modified":"2023-02-17T13:13:21","modified_gmt":"2023-02-17T12:13:21","slug":"avril-2023-dans-le-ciel-d","status":"publish","type":"post","link":"https:\/\/robinfo.oma.be\/fr\/avril-2023-dans-le-ciel-d\/","title":{"rendered":"Avril 2023 (Dans le ciel d\u2019)"},"content":{"rendered":"<p lang=\"fr-BE\" align=\"justify\"><span style=\"font-family: Tahoma, serif;\"><span style=\"font-size: xx-small;\"><i>AVIS IMPORTANT : Pour obtenir l\u2019heure officielle, ajouter DEUX heures aux heures indiqu\u00e9es ci-dessous (en Temps Universel UT pour Uccle)<\/i><\/span><\/span><\/p>\n<h3>Ph\u00e9nom\u00e8nes c\u00e9lestes int\u00e9ressants<\/h3>\n<p><strong>6 \u00a0\u00a0Pleine Lune <\/strong>\u00e0 4 h 34 m<strong> \u00a0<\/strong><\/p>\n<p><strong>10 <\/strong>R\u00e9apparition de l\u2019\u00e9toile 20 \u03c3 \u00a0Sco (+2,9) au bord sombre de la Lune \u00e0 3 h 44,2 m<\/p>\n<p><strong>11<\/strong> Jupiter en conjonction avec le Soleil \u00e0 22 h<\/p>\n<p><strong>\u00a0\u00a0\u00a0\u00a0 <\/strong>Mercure (-0,0) en plus grande \u00e9longation orientale (19\u00b029\u2019) \u00e0 22 h<\/p>\n<p><strong>13 Dernier Quartier<\/strong> de Lune \u00e0 9 h 11 m<em> \u00a0<\/em><\/p>\n<p><strong>14 <\/strong>Mars (+1,2) en conjonction \u00e0 9\u2019 N de l\u2019\u00e9toile \u0190 Gem (+9,0) \u00e0 20 h<\/p>\n<p><strong>16 <\/strong>La Lune au p\u00e9rig\u00e9e (\u00e0 367 967 km de la Terre \u2013 Diam\u00e8tre apparent\u00a0: 32\u201928\u2019\u2019) \u00e0 2 h<\/p>\n<p><strong>\u00a0\u00a0\u00a0\u00a0 <\/strong>La Lune \u00e0 3\u00b0 S de Saturne (+1,0) \u00e0 4 h<\/p>\n<p><strong>17 <\/strong>V\u00e9nus au p\u00e9rih\u00e9lie \u00e0 16 h<\/p>\n<p><strong>20<\/strong> <em>Eclipse de Soleil successivement annulaire, totale et annulaire, de 1 h 34 m \u00e0 6 h 59 m, invisible en Belgique<\/em><\/p>\n<p><strong>\u00a0\u00a0\u00a0\u00a0 Nouvelle Lune<\/strong> \u00e0 4 h 13 m<\/p>\n<p><strong>\u00a0\u00a0\u00a0\u00a0 <\/strong>Le <strong>Soleil<\/strong> entre dans le <em>signe<\/em> du Taureau \u00e0 8 h 14 m alors qu\u2019il passe de la <em>constellation<\/em> des Poissons dans laquelle il se trouvait depuis le 12 mars dans la <em>constellation<\/em> du B\u00e9lier le 19 avril<\/p>\n<p><strong>21 <\/strong>Tr\u00e8s mince croissant de Lune au-dessus de l\u2019horizon ouest-nord-ouest vers 20 h, 40 heures apr\u00e8s l\u2019instant de la Nouvelle Lune (<em>A rechercher \u00e0 l\u2019aide de jumelles quelque 6\u00b0 \u00e0 l\u2019est de Mercure (+2,0) avec plus haut V\u00e9nus (-4,1) en triangle avec l\u2019amas stellaire ouvert des Pl\u00e9iades et l\u2019\u00e9toile Ald\u00e9baran [Alpha Tau (+0,9)]. A Uccle, coucher du Soleil \u00e0 18 h 47 m et coucher de la Lune \u00e0 20 h 49 m, avec une dur\u00e9e du cr\u00e9puscule civil de 36 m et une fraction illumin\u00e9e de 0,03<\/em>)<\/p>\n<p><strong>22<\/strong> Ce soir, la Lune et V\u00e9nus (-4,1) rapproch\u00e9es dans la constellation du Taureau, juste de part et d\u2019autre des Pl\u00e9iades et de l\u2019\u00e9toile Ald\u00e9baran [Alpha Tau (+0,9)] vers 20 h<\/p>\n<p><strong>23<\/strong> La Lune et V\u00e9nus (-4,1) en conjonction \u00e0 50\u00b0 de hauteur au-dessus de l\u2019horizon sud-est vers 11 h 30 m et ce soir, apr\u00e8s le coucher du Soleil (\u00e0 18 h 50 m), les deux astres en beau rapprochement \u00e0 l\u2019ouest<\/p>\n<p><strong>24<\/strong> Occultation <strong>rasante<\/strong> de l\u2019\u00e9toile SAO77804 (+6,6) au bord sombre de la Lune au voisinage imm\u00e9diat d\u2019une ligne passant par Bruges, Nivelles et Tintange vers 20 h 13 m<\/p>\n<p><strong>25<\/strong> Beau rapprochement \u00e0 l\u2019ouest entre la Lune et Mars (+1,3) \u00e0 partir de 20 h<\/p>\n<p><strong>26 <\/strong>La Lune en alignement avec les \u00e9toiles Castor [Alpha Gem (+1,6)] et Pollux [B\u00eata Gem (+1,2)] un peu au-dessus de Mars (tache orang\u00e9e, +1,3) vers 23 h 30 m<\/p>\n<p><strong>27<\/strong> <strong>Premier Quartier<\/strong> de Lune \u00e0 21 h 20 m<\/p>\n<p><strong>28<\/strong> La Lune \u00e0 l\u2019apog\u00e9e (\u00e0 404\u00a0300 k de la Terre \u2013 Diam\u00e8tre apparent\u00a0: 29\u2019 34\u201d) \u00e0 7 h<\/p>\n<p><strong>29<\/strong> La Lune croissante \u00e0 4\u00b0 au nord-est de l\u2019\u00e9toile R\u00e9gulus [Alpha L\u00e9o (+1,3)] \u00e0 23 h<\/p>\n<p><strong>30<\/strong> La petite plan\u00e8te (7) Iris (+9,5) en opposition avec le Soleil \u00e0 la limite entre les constellations de la Vierge et de la Balance (\u00e0 une d\u00e9clinaison de -20\u00b0)<\/p>\n<h3>Visibilit\u00e9 des plan\u00e8tes<\/h3>\n<p><strong>Visibles \u00e0 l\u2019\u0153il nu\u00a0: <\/strong>Mercure, V\u00e9nus, Mars<\/p>\n<p><strong>Difficiles \u00e0 observer\u00a0: <\/strong>Uranus, Saturne<\/p>\n<p><strong>Inobservables\u00a0: <\/strong>Jupiter, Neptune<\/p>\n<p><strong>Mercure <\/strong>(-1,1\/+5,3), le soir pendant la premi\u00e8re moiti\u00e9 du mois au-dessus de l\u2019horizon ouest successivement dans les constellations des Poissons puis du B\u00e9lier, se couche le 1 \u00e0 19\u00a0h 41 m, le 15 \u00e0 20\u00a0h 32 m et le 30 \u00e0 19\u00a0h 14\u00a0m<\/p>\n<p><strong>V\u00e9nus<\/strong> (-4,0\/-4,1), avant et apr\u00e8s minuit successivement dans les constellations du B\u00e9lier et du Taureau, se couche le 1 \u00e0 21 h 49\u00a0m, le 15 \u00e0 22\u00a0h 30\u00a0m et le 30 \u00e0 23 h 04 m<\/p>\n<p><strong>Mars <\/strong>(+1,0\/+1,3), avant et apr\u00e8s minuit dans la constellation des G\u00e9meaux se couche le 1 \u00e0 1\u00a0h 48 m, le 15 \u00e0 1 h 21 m et le 30 \u00e0 0\u00a0h 49\u00a0m<\/p>\n<p><strong>Jupiter <\/strong>(-2,1\/-2,0) dans la constellation des Poissons, passe au m\u00e9ridien le 1 \u00e0 12 h 20 m, le 15 \u00e0 11\u00a0h 34\u00a0m et le 30 \u00e0 10 h 49 m, d\u00e8s lors non observable<\/p>\n<p><strong>Saturne<\/strong> (+1,0\/+1,0), le matin relativement difficilement dans la constellation du Verseau, se l\u00e8ve le 1 \u00e0 4\u00a0h 24\u00a0m, le 15 \u00e0 3 h 28 m et le 30 \u00e0 2 h 32 m soit respectivement 0 h 55 m, 1 h 21 m et 1 h 47 m avant le Soleil<\/p>\n<p><strong>Uranus <\/strong>(+5,8\/+5,9), le soir pendant les premiers jours du mois apr\u00e8s le coucher du Soleil au-dessus de l\u2019horizon ouest dans la constellation du B\u00e9lier, se couche le 1 \u00e0 21 h 32 m, le 15 \u00e0 20 h 40 m et le 30 \u00e0 19 h 45 m<\/p>\n<p><strong>Neptune <\/strong>(+8,0\/+7,9) dans la constellation des Poissons, passe au m\u00e9ridien le 1 \u00e0 10 h 52 m, le 15 \u00e0 9\u00a0h 56\u00a0m et le 30 \u00e0 8 h 59\u00a0m, d\u00e8s lors non observable<\/p>\n<p><strong><i>Pour en savoir plus :<\/i><\/strong><br \/>\n<a href=\"https:\/\/www.astro.oma.be\/fr\/informations\/annuaire\/\">Annuaire 2023 de l\u2019Observatoire royal de Belgique<\/a> <i>(En vente \u00e0 l\u2019Observatoire : EUR 13,00)<\/i><br \/>\nEph\u00e9m\u00e9rides du mois dans la revue <i>Ciel et Terre<\/i> de la Soci\u00e9t\u00e9 Royale belge d\u2019Astronomie, de M\u00e9t\u00e9orologie et de Physique du Globe SRBA <i>(<a href=\"http:\/\/www.srba.be\/\" target=\"_blank\" rel=\"noopener\">www.srba.be<\/a>)<\/i><\/p>\n","protected":false},"excerpt":{"rendered":"<p>AVIS IMPORTANT : Pour obtenir l\u2019heure officielle, ajouter DEUX heures aux heures indiqu\u00e9es ci-dessous (en Temps Universel UT pour Uccle) Ph\u00e9nom\u00e8nes c\u00e9lestes int\u00e9ressants 6 \u00a0\u00a0Pleine Lune \u00e0 4 h 34 m \u00a0 10 R\u00e9apparition de l\u2019\u00e9toile 20 \u03c3 \u00a0Sco (+2,9) au bord sombre de la Lune \u00e0 3 h 44,2 m 11 Jupiter en conjonction [&hellip;]<\/p>\n","protected":false},"author":2,"featured_media":0,"comment_status":"closed","ping_status":"open","sticky":false,"template":"","format":"standard","meta":[],"categories":[51],"tags":[],"featured_image_src":{"landsacpe":false,"list":false,"medium":false,"full":false},"_links":{"self":[{"href":"https:\/\/robinfo.oma.be\/fr\/wp-json\/wp\/v2\/posts\/3987"}],"collection":[{"href":"https:\/\/robinfo.oma.be\/fr\/wp-json\/wp\/v2\/posts"}],"about":[{"href":"https:\/\/robinfo.oma.be\/fr\/wp-json\/wp\/v2\/types\/post"}],"author":[{"embeddable":true,"href":"https:\/\/robinfo.oma.be\/fr\/wp-json\/wp\/v2\/users\/2"}],"replies":[{"embeddable":true,"href":"https:\/\/robinfo.oma.be\/fr\/wp-json\/wp\/v2\/comments?post=3987"}],"version-history":[{"count":1,"href":"https:\/\/robinfo.oma.be\/fr\/wp-json\/wp\/v2\/posts\/3987\/revisions"}],"predecessor-version":[{"id":3988,"href":"https:\/\/robinfo.oma.be\/fr\/wp-json\/wp\/v2\/posts\/3987\/revisions\/3988"}],"wp:attachment":[{"href":"https:\/\/robinfo.oma.be\/fr\/wp-json\/wp\/v2\/media?parent=3987"}],"wp:term":[{"taxonomy":"category","embeddable":true,"href":"https:\/\/robinfo.oma.be\/fr\/wp-json\/wp\/v2\/categories?post=3987"},{"taxonomy":"post_tag","embeddable":true,"href":"https:\/\/robinfo.oma.be\/fr\/wp-json\/wp\/v2\/tags?post=3987"}],"curies":[{"name":"wp","href":"https:\/\/api.w.org\/{rel}","templated":true}]}}